{"id":3485,"date":"2024-09-20T12:21:02","date_gmt":"2024-09-20T10:21:02","guid":{"rendered":"https:\/\/madsenfanclub.de\/news\/?p=3485"},"modified":"2024-09-20T12:24:37","modified_gmt":"2024-09-20T10:24:37","slug":"das-schoene-leben-des-herrn-k-erschienen","status":"publish","type":"post","link":"https:\/\/madsenfanclub.de\/news\/2024\/09\/20\/das-schoene-leben-des-herrn-k-erschienen\/","title":{"rendered":"Das sch\u00f6ne Leben des Herrn K. erschienen"},"content":{"rendered":"\n<figure class=\"wp-block-image size-large\"><img loading=\"lazy\" decoding=\"async\" width=\"1024\" height=\"1024\" src=\"https:\/\/madsenfanclub.de\/news\/wp-content\/uploads\/2024\/09\/Cover-das-schoene-Leben-des-Herrn-K-1024x1024.jpg\" alt=\"\" class=\"wp-image-3486\" srcset=\"https:\/\/madsenfanclub.de\/news\/wp-content\/uploads\/2024\/09\/Cover-das-schoene-Leben-des-Herrn-K-1024x1024.jpg 1024w, https:\/\/madsenfanclub.de\/news\/wp-content\/uploads\/2024\/09\/Cover-das-schoene-Leben-des-Herrn-K-300x300.jpg 300w, https:\/\/madsenfanclub.de\/news\/wp-content\/uploads\/2024\/09\/Cover-das-schoene-Leben-des-Herrn-K-150x150.jpg 150w, https:\/\/madsenfanclub.de\/news\/wp-content\/uploads\/2024\/09\/Cover-das-schoene-Leben-des-Herrn-K-768x768.jpg 768w, https:\/\/madsenfanclub.de\/news\/wp-content\/uploads\/2024\/09\/Cover-das-schoene-Leben-des-Herrn-K-1536x1536.jpg 1536w, https:\/\/madsenfanclub.de\/news\/wp-content\/uploads\/2024\/09\/Cover-das-schoene-Leben-des-Herrn-K-1200x1200.jpg 1200w, https:\/\/madsenfanclub.de\/news\/wp-content\/uploads\/2024\/09\/Cover-das-schoene-Leben-des-Herrn-K.jpg 1600w\" sizes=\"(max-width: 1024px) 100vw, 1024px\" \/><\/figure>\n\n\n\n<p>Heute ist das Cover-Album &#8222;<strong>Das sch\u00f6ne Leben des Herrn K.<\/strong>&#8220; erschienen. Aktuelle K\u00fcnstler, wie auch Sebastian Madsen und Lisa Who, covern Manfred Krug.<\/p>\n\n\n\n<p>Deshalb wurde Sebastian <a href=\"https:\/\/www.radioeins.de\/programm\/sendungen\/modo1619\/_\/sebastian-madsen-manfred-krug-cover-album.html\" target=\"_blank\" rel=\"noreferrer noopener\">gestern von radioeins interviewt<\/a>.<\/p>\n\n\n\n<p><strong>Trackliste der LP<\/strong><br>1 Albertine Sarges &#8211; Als ich rief nach dir<br>2 Lina Maly &amp; Moritz Kr\u00e4mer &#8211; Ade<br>3 Stefanie Schrank &#8211; Kalt &amp; Wei\u00df<br>4 Sebastian Madsen &#8211; Wenn ich dich seh\u2019<br>5 Maike Rosa Vogel &#8211; Sie<br>6 Resi Reiner &#8211; Jeden Tag das Weckerklingeln<br>7 Paul P\u00f6tsch &#8211; Komm und spiel mit mir<br>8 Charlotte Brandi &#8211; Niemand liebt dich so wie ich<br>9 Lisa Who &#8211; Fr\u00fch war der Tag erwacht<br>10 Das Paradies &amp; Albrecht Schrader &#8211; Wenn\u2019s drau\u00dfen gr\u00fcn wird<br>11 Masha Qrella &#8211; Um die weite Welt zu sehn<br>12 Philo Tsoungui feat. Shelly Phillips &#8211; Frag mich warum<br>13 Keshavara &#8211; Ende der Platte<\/p>\n\n\n\n<p>Die Vinyl gibt es <a href=\"http:\/\/Das sch\u00f6ne Leben des Herrn K.\" target=\"_blank\" rel=\"noreferrer noopener\">online<\/a> und bei deinem Plattenh\u00e4ndler vor Ort.<br>Und nat\u00fcrlich auch als <a href=\"https:\/\/open.spotify.com\/intl-de\/album\/4KysnKhyQmzN5u0o6LNeY4\" target=\"_blank\" rel=\"noreferrer noopener\">Stream<\/a>.<\/p>\n\n\n\n<blockquote class=\"wp-block-quote is-layout-flow wp-block-quote-is-layout-flow\">\n<p>Werbetext:<br>Die Compilation \u00bbDas sch\u00f6ne Leben des Herrn K.\u00ab pr\u00e4sentiert 13 Neuinterpretationen aus dem Manfred-Krug-Oeuvre. K\u00fcnstlerinnen und K\u00fcnstler aus allen Ecken des deutschsprachigen Pop- und Indiekosmos erkl\u00e4rten sich bereit, ein Krug-St\u00fcck ihrer Wahl beizusteuern.<\/p>\n\n\n\n<p>Und so wie die Zusammenstellung der Platte verlief, so klingt sie nun auch: organisch und stimmig, dabei abwechslungsreich, und, obwohl die aktive Krug-\u00c4ra nun doch schon seit L\u00e4ngerem in der Vergangenheit ruht, enorm zeitgem\u00e4\u00df.<\/p>\n\n\n\n<p><\/p>\n<\/blockquote>\n\n\n\n<p><\/p>\n","protected":false},"excerpt":{"rendered":"<p>Heute ist das Cover-Album &#8222;Das sch\u00f6ne Leben des Herrn K.&#8220; erschienen. Aktuelle K\u00fcnstler, wie auch Sebastian Madsen und Lisa Who, covern Manfred Krug. Deshalb wurde Sebastian gestern von radioeins interviewt. Trackliste der LP1 Albertine Sarges &#8211; Als ich rief nach dir2 Lina Maly &amp; Moritz Kr\u00e4mer &#8211; Ade3 Stefanie Schrank &#8211; Kalt &amp; Wei\u00df4 Sebastian [&hellip;]<\/p>\n","protected":false},"author":1,"featured_media":0,"comment_status":"open","ping_status":"open","sticky":false,"template":"","format":"standard","meta":{"footnotes":""},"categories":[5,6],"tags":[191,186,25],"class_list":["post-3485","post","type-post","status-publish","format-standard","hentry","category-sonstiges","category-tontraeger","tag-lisa","tag-manfred-krug","tag-sebastian"],"_links":{"self":[{"href":"https:\/\/madsenfanclub.de\/news\/wp-json\/wp\/v2\/posts\/3485"}],"collection":[{"href":"https:\/\/madsenfanclub.de\/news\/wp-json\/wp\/v2\/posts"}],"about":[{"href":"https:\/\/madsenfanclub.de\/news\/wp-json\/wp\/v2\/types\/post"}],"author":[{"embeddable":true,"href":"https:\/\/madsenfanclub.de\/news\/wp-json\/wp\/v2\/users\/1"}],"replies":[{"embeddable":true,"href":"https:\/\/madsenfanclub.de\/news\/wp-json\/wp\/v2\/comments?post=3485"}],"version-history":[{"count":3,"href":"https:\/\/madsenfanclub.de\/news\/wp-json\/wp\/v2\/posts\/3485\/revisions"}],"predecessor-version":[{"id":3489,"href":"https:\/\/madsenfanclub.de\/news\/wp-json\/wp\/v2\/posts\/3485\/revisions\/3489"}],"wp:attachment":[{"href":"https:\/\/madsenfanclub.de\/news\/wp-json\/wp\/v2\/media?parent=3485"}],"wp:term":[{"taxonomy":"category","embeddable":true,"href":"https:\/\/madsenfanclub.de\/news\/wp-json\/wp\/v2\/categories?post=3485"},{"taxonomy":"post_tag","embeddable":true,"href":"https:\/\/madsenfanclub.de\/news\/wp-json\/wp\/v2\/tags?post=3485"}],"curies":[{"name":"wp","href":"https:\/\/api.w.org\/{rel}","templated":true}]}}